{"id":1217,"date":"2016-04-25T08:23:50","date_gmt":"2016-04-25T13:23:50","guid":{"rendered":"http:\/\/www.bairesac.com\/blog\/?p=1217"},"modified":"2016-04-25T08:23:50","modified_gmt":"2016-04-25T13:23:50","slug":"el-mito-de-los-hemisferios-del-cerebro-humano","status":"publish","type":"post","link":"https:\/\/www.bairesac.com\/blog\/archivo\/1217","title":{"rendered":"El mito de los hemisferios del cerebro humano"},"content":{"rendered":"<h3>El mito<\/h3>\n<p style=\"text-align: justify;\">Lo conocemos todos: el pensar cient\u00edfico es anal\u00edtico y r\u00edgido, mientras que los artistas son creativos y sensibles. Y adem\u00e1s, los cient\u00edficos piensan con el hemisferio izquierdo del cerebro mientras que los artistas lo hacen con el hemisferio derecho. O en cualquier caso, ambos tienen uno m\u00e1s desarrollado que el otro. Pero, \u00bfes as\u00ed?<\/p>\n<p><!--more--><\/p>\n<p style=\"text-align: justify;\"><a href=\"https:\/\/i0.wp.com\/www.bairesac.com\/blog\/wp-content\/uploads\/2016\/04\/tumblr_static_science-thinking-creative-artwork-mercedes-benz-opposits-1200x1920.jpg\"><img loading=\"lazy\" decoding=\"async\" data-attachment-id=\"1218\" data-permalink=\"https:\/\/www.bairesac.com\/blog\/archivo\/1217\/tumblr_static_science-thinking-creative-artwork-mercedes-benz-opposits-1200x1920\" data-orig-file=\"https:\/\/i0.wp.com\/www.bairesac.com\/blog\/wp-content\/uploads\/2016\/04\/tumblr_static_science-thinking-creative-artwork-mercedes-benz-opposits-1200x1920.jpg?fit=1920%2C1200&amp;ssl=1\" data-orig-size=\"1920,1200\" data-comments-opened=\"1\" data-image-meta=\"{&quot;aperture&quot;:&quot;0&quot;,&quot;credit&quot;:&quot;&quot;,&quot;camera&quot;:&quot;&quot;,&quot;caption&quot;:&quot;&quot;,&quot;created_timestamp&quot;:&quot;0&quot;,&quot;copyright&quot;:&quot;&quot;,&quot;focal_length&quot;:&quot;0&quot;,&quot;iso&quot;:&quot;0&quot;,&quot;shutter_speed&quot;:&quot;0&quot;,&quot;title&quot;:&quot;&quot;}\" data-image-title=\"tumblr_static_science-thinking-creative-artwork-mercedes-benz-opposits-1200&#215;1920\" data-image-description=\"\" data-image-caption=\"\" data-medium-file=\"https:\/\/i0.wp.com\/www.bairesac.com\/blog\/wp-content\/uploads\/2016\/04\/tumblr_static_science-thinking-creative-artwork-mercedes-benz-opposits-1200x1920.jpg?fit=300%2C187&amp;ssl=1\" data-large-file=\"https:\/\/i0.wp.com\/www.bairesac.com\/blog\/wp-content\/uploads\/2016\/04\/tumblr_static_science-thinking-creative-artwork-mercedes-benz-opposits-1200x1920.jpg?fit=640%2C400&amp;ssl=1\" class=\"alignnone size-medium wp-image-1218\" title=\"tumblr_static_science-thinking-creative-artwork-mercedes-benz-opposits-1200x1920\" src=\"https:\/\/i0.wp.com\/www.bairesac.com\/blog\/wp-content\/uploads\/2016\/04\/tumblr_static_science-thinking-creative-artwork-mercedes-benz-opposits-1200x1920-300x187.jpg?resize=300%2C187\" alt=\"\" width=\"300\" height=\"187\" srcset=\"https:\/\/i0.wp.com\/www.bairesac.com\/blog\/wp-content\/uploads\/2016\/04\/tumblr_static_science-thinking-creative-artwork-mercedes-benz-opposits-1200x1920.jpg?resize=300%2C187&amp;ssl=1 300w, https:\/\/i0.wp.com\/www.bairesac.com\/blog\/wp-content\/uploads\/2016\/04\/tumblr_static_science-thinking-creative-artwork-mercedes-benz-opposits-1200x1920.jpg?resize=1024%2C640&amp;ssl=1 1024w, https:\/\/i0.wp.com\/www.bairesac.com\/blog\/wp-content\/uploads\/2016\/04\/tumblr_static_science-thinking-creative-artwork-mercedes-benz-opposits-1200x1920.jpg?w=1920&amp;ssl=1 1920w, https:\/\/i0.wp.com\/www.bairesac.com\/blog\/wp-content\/uploads\/2016\/04\/tumblr_static_science-thinking-creative-artwork-mercedes-benz-opposits-1200x1920.jpg?w=1280&amp;ssl=1 1280w\" sizes=\"(max-width: 300px) 100vw, 300px\" data-recalc-dims=\"1\" \/><\/a><\/p>\n<p style=\"text-align: justify;\">Hasta donde sabemos, no.<\/p>\n<p style=\"text-align: justify;\">La idea de que los hemisferios cerebrales son opuestos en cuanto a capacidades cognitivas y habilidades mentales se denomina\u00a0<em>hemisfericidad<\/em>, y tiene su origen en el siglo XIX, si bien el t\u00e9rmino no se acu\u00f1\u00f3 hasta los a\u00f1os 70. Experimentos realizados en psiquiatr\u00eda y psicolog\u00eda popularizaron esta noci\u00f3n. Pero la neurociencia\u00a0ha acabado con este mito, demostrando que todas las personas emplean ambos hemisferios para realizar cualquier tarea. Sin embargo, la idea de la hemisfericidad a\u00fan prolifera, y se venden libros, aplicaciones, cursos y videojuegos con el fin de ejercitar un hemisferio u otro. En las redes sociales no faltan los\u00a0<em>tests<\/em> y\u00a0<em>quizes<\/em> para averiguar\u00a0cu\u00e1l es nuestro hemisferio predominante.<\/p>\n<h3>\u00bfQu\u00e9 dice la ciencia moderna?<\/h3>\n<p style=\"text-align: justify;\">En un cerebro normal, existe un tejido llamado\u00a0<em>cuerpo calloso<\/em>, que conecta ambos hemisferios mediante unas 250 millones de fibras nerviosas. Gracias a la resonancia magn\u00e9tica de difusi\u00f3n (DTI, por sus siglas en ingl\u00e9s), sabemos que la transferencia de informaci\u00f3n entre un hemisferio y otro gracias al cuerpo calloso\u00a0ocurre en milisegundos. Sin importar qu\u00e9 clase de tarea se est\u00e9 realizando, ya sea art\u00edstica, cient\u00edfica o de cualquier otro tipo, el cerebro entero est\u00e1 siempre involucrado.<\/p>\n<p style=\"text-align: justify;\"><a href=\"https:\/\/i0.wp.com\/www.bairesac.com\/blog\/wp-content\/uploads\/2016\/04\/578458069-300x237.jpg\"><img loading=\"lazy\" decoding=\"async\" data-attachment-id=\"1219\" data-permalink=\"https:\/\/www.bairesac.com\/blog\/archivo\/1217\/578458069-300x237\" data-orig-file=\"https:\/\/i0.wp.com\/www.bairesac.com\/blog\/wp-content\/uploads\/2016\/04\/578458069-300x237.jpg?fit=300%2C237&amp;ssl=1\" data-orig-size=\"300,237\" data-comments-opened=\"1\" data-image-meta=\"{&quot;aperture&quot;:&quot;0&quot;,&quot;credit&quot;:&quot;&quot;,&quot;camera&quot;:&quot;&quot;,&quot;caption&quot;:&quot;&quot;,&quot;created_timestamp&quot;:&quot;0&quot;,&quot;copyright&quot;:&quot;&quot;,&quot;focal_length&quot;:&quot;0&quot;,&quot;iso&quot;:&quot;0&quot;,&quot;shutter_speed&quot;:&quot;0&quot;,&quot;title&quot;:&quot;&quot;}\" data-image-title=\"578458069-300&#215;237\" data-image-description=\"\" data-image-caption=\"\" data-medium-file=\"https:\/\/i0.wp.com\/www.bairesac.com\/blog\/wp-content\/uploads\/2016\/04\/578458069-300x237.jpg?fit=300%2C237&amp;ssl=1\" data-large-file=\"https:\/\/i0.wp.com\/www.bairesac.com\/blog\/wp-content\/uploads\/2016\/04\/578458069-300x237.jpg?fit=300%2C237&amp;ssl=1\" class=\"alignnone size-full wp-image-1219\" title=\"578458069-300x237\" src=\"https:\/\/i0.wp.com\/www.bairesac.com\/blog\/wp-content\/uploads\/2016\/04\/578458069-300x237.jpg?resize=300%2C237\" alt=\"\" width=\"300\" height=\"237\" data-recalc-dims=\"1\" \/><\/a><\/p>\n<p style=\"text-align: justify;\">En psicolog\u00eda, esto se ha tratado de explicar mediante los t\u00e9rminos\u00a0<em>pensamiento convergente<\/em> y\u00a0<em>pensamiento divergente<\/em>. El pensamiento convergente se especializa en el razonamiento deductivo , y la capacidad de analisis, mientras que el pensamiento divergente permite la creatividad y la espontaneidad. Estudios realizados durante los a\u00f1os 60 parec\u00edan indicar que las personas con pensamiento convergente pose\u00edan una mayor facilidad para las asignaturas cient\u00edficas, y aquellos con un pensamiento divergente ten\u00edan mayores aptitudes para las artes y las humanidades. Sin embargo, ambos tipos de pensamiento no necesitan ser mutuamente excluyentes, como lo sugieren\u00a0estudios recientes en la materia.<\/p>\n<p style=\"text-align: justify;\">Investigadores de la\u00a0<em>Michigan State University<\/em> reportaron en\u00a0un estudio que miembros de la\u00a0<em>Royal Society<\/em> y la<em>National Academy of Sciences<\/em> tienen casi el doble de probabilidades de tener aspiraciones art\u00edsticas que la sociedad en general.<\/p>\n<p style=\"text-align: justify;\">Y es que tanto el arte como la ciencia, entre otras cosas, son ocupaciones complejas y para ambas se requiere creatividad y razonamiento l\u00f3gico. Cient\u00edficos como Albert Einstein, Richard Feynman o Max Planck realizaban actividades art\u00edsticas tambi\u00e9n. \u201cEl cient\u00edfico creativo necesita una imaginaci\u00f3n art\u00edstica\u201d, escribi\u00f3\u00a0Santiago Ram\u00f3n y Cajal, neuroanatomista ganador del Nobel en 1906, pintor e inventor de la fotograf\u00eda a color moderna.<\/p>\n<p style=\"text-align: justify;\">Fuente:\u00a0https:\/\/theconversation.com\/exploding-the-myth-of-the-scientific-vs-artistic-mind-57843<\/p>\n<p>&nbsp;<\/p>\n","protected":false},"excerpt":{"rendered":"<p>El mito Lo conocemos todos: el pensar cient\u00edfico es anal\u00edtico y r\u00edgido, mientras que los artistas son creativos y sensibles. Y adem\u00e1s, los cient\u00edficos piensan con el hemisferio izquierdo del cerebro mientras que los artistas lo hacen con el hemisferio derecho. O en cualquier caso, ambos tienen uno m\u00e1s desarrollado que el otro. Pero, \u00bfes [&hellip;]<\/p>\n","protected":false},"author":1,"featured_media":1219,"comment_status":"open","ping_status":"open","sticky":false,"template":"","format":"standard","meta":{"jetpack_post_was_ever_published":false,"footnotes":"","jetpack_publicize_message":"","jetpack_is_tweetstorm":false,"jetpack_publicize_feature_enabled":true},"categories":[1],"tags":[29,116,167],"jetpack_publicize_connections":[],"aioseo_notices":[],"jetpack_featured_media_url":"https:\/\/i0.wp.com\/www.bairesac.com\/blog\/wp-content\/uploads\/2016\/04\/578458069-300x237.jpg?fit=300%2C237&ssl=1","jetpack_sharing_enabled":true,"jetpack_shortlink":"https:\/\/wp.me\/p8C7ru-jD","jetpack-related-posts":[{"id":1513,"url":"https:\/\/www.bairesac.com\/blog\/archivo\/1513","url_meta":{"origin":1217,"position":0},"title":"\u00bfEs tu cerebro masculino o femenino?","date":"2 agosto, 2016","format":false,"excerpt":"Hay quienes te dir\u00edan que los hombres son de Marte y las mujeres son de Venus. De acuerdo con la mitolog\u00eda popular, las ni\u00f1as son agraciadas con la inteligencia emocional y los ni\u00f1os tienen facilidad para la l\u00f3gica y la mec\u00e1nica. \u00bfQu\u00e9 hay en un cerebro? Si bien es cierto\u2026","rel":"","context":"En &quot;Educaci\u00f3n&quot;","img":{"alt_text":"Por m\u00e1s que lo examinan, a\u00fan no encuentran lugares que nos hagan distintos.","src":"https:\/\/i0.wp.com\/www.bairesac.com\/blog\/wp-content\/uploads\/2016\/08\/90554284_hi023075509.jpg?fit=624%2C624&ssl=1&resize=350%2C200","width":350,"height":200},"classes":[]},{"id":1462,"url":"https:\/\/www.bairesac.com\/blog\/archivo\/1462","url_meta":{"origin":1217,"position":1},"title":"Nuevo mapa del cerebro refleja 97 \u00e1reas de la corteza cerebral hasta ahora desconocidas","date":"21 julio, 2016","format":false,"excerpt":"Ademas han confirmado otras 83 que ya se conocian previamente. \u00a0Cient\u00edficos estadounidenses han realizado un nuevo mapa del cerebro humano a partir de m\u00faltiples tipos de im\u00e1genes por resonancia magn\u00e9tica. El mapa refleja 97 nuevas \u00e1reas de la corteza cerebral humana, cuyo conocimiento podr\u00eda ayudar en neurocirug\u00eda y en el\u2026","rel":"","context":"En &quot;Educaci\u00f3n&quot;","img":{"alt_text":"","src":"","width":0,"height":0},"classes":[]},{"id":558,"url":"https:\/\/www.bairesac.com\/blog\/archivo\/558","url_meta":{"origin":1217,"position":2},"title":"La percepci\u00f3n del sabor puede manipularse en el cerebro","date":"23 noviembre, 2015","format":false,"excerpt":"Investigadores de EE.UU. suprimen o activan la sensaci\u00f3n de dulce y de amargo al margen de lo que un rat\u00f3n est\u00e9 probando La sensaci\u00f3n del dulce y el amargo pueden manipularse en el cerebro, seg\u00fan han demostrado investigadores de EE.UU. As\u00ed, se puede hacer que el rat\u00f3n perciba ambos sabores\u2026","rel":"","context":"En &quot;Educaci\u00f3n&quot;","img":{"alt_text":"","src":"https:\/\/i0.wp.com\/www.bairesac.com\/blog\/wp-content\/uploads\/2015\/11\/8548197-134575224-300x207.jpg?resize=350%2C200","width":350,"height":200},"classes":[]},{"id":758,"url":"https:\/\/www.bairesac.com\/blog\/archivo\/758","url_meta":{"origin":1217,"position":3},"title":"Dime c\u00f3mo recuerdas y te dir\u00e9 c\u00f3mo es tu cerebro","date":"14 diciembre, 2015","format":false,"excerpt":"Un estudio demuestra que las conexiones de las personas con memoria epis\u00f3dica son distintas a las que tienen memoria sem\u00e1ntica. Hay dos tipos principales de personas, seg\u00fan su manera de recordar: los que recuerdan los detalles (memoria epis\u00f3dica), y los que se centran en los hechos (memoria sem\u00e1ntica). Ahora, un\u2026","rel":"","context":"En &quot;Educaci\u00f3n&quot;","img":{"alt_text":"","src":"https:\/\/i0.wp.com\/www.bairesac.com\/blog\/wp-content\/uploads\/2015\/12\/descarga-13.jpg?fit=200%2C200&ssl=1&resize=350%2C200","width":350,"height":200},"classes":[]},{"id":1223,"url":"https:\/\/www.bairesac.com\/blog\/archivo\/1223","url_meta":{"origin":1217,"position":4},"title":"De la antimateria a la antimemoria: Nueva teor\u00eda sobre la formaci\u00f3n de recuerdos","date":"25 abril, 2016","format":false,"excerpt":"El hallazgo de la antimateria fue uno de los descubrimientos m\u00e1s interesantes de la f\u00edsica del siglo pasado, pues aument\u00f3 nuestra comprensi\u00f3n del universo y de las leyes de la f\u00edsica.\u00a0 Seg\u00fan los cient\u00edficos, en el origen del universo exist\u00edan materia y antimateria en iguales proporciones, aunque luego la materia\u2026","rel":"","context":"En &quot;Educaci\u00f3n&quot;","img":{"alt_text":"","src":"","width":0,"height":0},"classes":[]},{"id":1402,"url":"https:\/\/www.bairesac.com\/blog\/archivo\/1402","url_meta":{"origin":1217,"position":5},"title":"\u00bfEres realmente \u00abmultitarea\u00bb? La prueba que determina si tu cerebro es capaz de hacer muchas cosas bien a la vez","date":"23 junio, 2016","format":false,"excerpt":"\u00bfSer capaz de trabajar en una oficina llena de ruido con tu jefe al tel\u00e9fono y concentrarte en tu trabajo? \u00bfCuidar a un beb\u00e9 mientras preparas una presentaci\u00f3n para el d\u00eda siguiente? \u00bfHablar con tu madre por tel\u00e9fono mientras chateas con tu mejor amigo por Facebook y ves el noticiero\u2026","rel":"","context":"En &quot;Educaci\u00f3n&quot;","img":{"alt_text":"Existen muchos mitos sobre la capacidad de ser multitarea. Seg\u00fan los cient\u00edficos s\u00f3lo un 2,5% de la poblaci\u00f3n es \"supertarea\".","src":"https:\/\/i0.wp.com\/www.bairesac.com\/blog\/wp-content\/uploads\/2016\/06\/90058800_thinkstockphotos-450805191.jpg?fit=660%2C371&ssl=1&resize=350%2C200","width":350,"height":200},"classes":[]}],"jetpack_likes_enabled":true,"_links":{"self":[{"href":"https:\/\/www.bairesac.com\/blog\/wp-json\/wp\/v2\/posts\/1217"}],"collection":[{"href":"https:\/\/www.bairesac.com\/blog\/wp-json\/wp\/v2\/posts"}],"about":[{"href":"https:\/\/www.bairesac.com\/blog\/wp-json\/wp\/v2\/types\/post"}],"author":[{"embeddable":true,"href":"https:\/\/www.bairesac.com\/blog\/wp-json\/wp\/v2\/users\/1"}],"replies":[{"embeddable":true,"href":"https:\/\/www.bairesac.com\/blog\/wp-json\/wp\/v2\/comments?post=1217"}],"version-history":[{"count":3,"href":"https:\/\/www.bairesac.com\/blog\/wp-json\/wp\/v2\/posts\/1217\/revisions"}],"predecessor-version":[{"id":1222,"href":"https:\/\/www.bairesac.com\/blog\/wp-json\/wp\/v2\/posts\/1217\/revisions\/1222"}],"wp:featuredmedia":[{"embeddable":true,"href":"https:\/\/www.bairesac.com\/blog\/wp-json\/wp\/v2\/media\/1219"}],"wp:attachment":[{"href":"https:\/\/www.bairesac.com\/blog\/wp-json\/wp\/v2\/media?parent=1217"}],"wp:term":[{"taxonomy":"category","embeddable":true,"href":"https:\/\/www.bairesac.com\/blog\/wp-json\/wp\/v2\/categories?post=1217"},{"taxonomy":"post_tag","embeddable":true,"href":"https:\/\/www.bairesac.com\/blog\/wp-json\/wp\/v2\/tags?post=1217"}],"curies":[{"name":"wp","href":"https:\/\/api.w.org\/{rel}","templated":true}]}}